{"id":21,"name":"Mat\u00fa\u0161 Feren\u010d\u00edk","url":"","description":"Od roku 2018 sa intenz\u00edvne venujem oblasti kybernetickej a informa\u010dnej bezpe\u010dnosti, ktor\u00fa som objavil cez hlbok\u00fd dial\u00f3g s priate\u013eom, ktor\u00fd sa stal \u0161tartovac\u00edm bodom mojej misie: pom\u00e1ha\u0165 \u013eu\u010fom rozumie\u0165 digit\u00e1lnemu svetu a chr\u00e1ni\u0165 sa v \u0148om. Moje poznatky akt\u00edvne zdie\u013eam naprie\u010d r\u00f4znorod\u00fdm publikom \u2013 od det\u00ed a ml\u00e1de\u017ee v spolupr\u00e1ci s AjTyvIT, a\u017e po dospel\u00fdch prostredn\u00edctvom projektov pod z\u00e1\u0161titou MIRRI.","link":"https:\/\/preventista.sk\/info\/author\/matusf\/","slug":"matusf","avatar_urls":{"24":"https:\/\/secure.gravatar.com\/avatar\/a401cb412b7456afb21b0a4df38082e33727fa19d052617c2e4bef6dd2c39687?s=24&d=mm&r=g","48":"https:\/\/secure.gravatar.com\/avatar\/a401cb412b7456afb21b0a4df38082e33727fa19d052617c2e4bef6dd2c39687?s=48&d=mm&r=g","96":"https:\/\/secure.gravatar.com\/avatar\/a401cb412b7456afb21b0a4df38082e33727fa19d052617c2e4bef6dd2c39687?s=96&d=mm&r=g"},"meta":{"jetpack_donation_warning_dismissed":false},"_links":{"self":[{"href":"https:\/\/preventista.sk\/info\/wp-json\/wp\/v2\/users\/21","targetHints":{"allow":["GET"]}}],"collection":[{"href":"https:\/\/preventista.sk\/info\/wp-json\/wp\/v2\/users"}]}}